{"id":9851,"date":"2021-01-08T18:41:15","date_gmt":"2021-01-08T17:41:15","guid":{"rendered":"http:\/\/www.tlausl.de\/?p=9851"},"modified":"2021-05-11T19:00:26","modified_gmt":"2021-05-11T18:00:26","slug":"inhalt-des-rucksacks","status":"publish","type":"post","link":"https:\/\/www.tlausl.de\/?p=9851","title":{"rendered":"Inhalt des Rucksacks"},"content":{"rendered":"<p><em>Bilder werde ich noch nachreichen<\/em><\/p>\n<p><strong>Gerber Dime MultiTool<\/strong><\/p>\n<p>Wirklich klein, sehr klein. 7 x 2,5 x 1,5 cm gro\u00df zusammen gefaltet. Daher auch der Name &#8222;Dime&#8220;. Relativ scharfe Klingen, was ich gut finde.Das MultiTool enth\u00e4lt folgende &#8222;Tools&#8220;:<\/p>\n<ul>\n<li>federunterst\u00fctzte Spitzzange<\/li>\n<li>normale Zange<\/li>\n<li>Drahtschneider<img loading=\"lazy\" decoding=\"async\" class=\"size-medium wp-image-623 alignright jetpack-lazy-image jetpack-lazy-image--handled\" style=\"box-sizing: border-box; max-width: 100%; height: auto; vertical-align: top; margin-bottom: 0px; display: inline; float: right; margin-left: 30px;\" src=\"https:\/\/i1.wp.com\/www.multitool-ratgeber.net\/wp-content\/uploads\/2019\/12\/gerber-dime-mini-multitool-1.jpg?resize=300%2C243&amp;ssl=1\" sizes=\"auto, (max-width: 300px) 100vw, 300px\" srcset=\"https:\/\/i1.wp.com\/www.multitool-ratgeber.net\/wp-content\/uploads\/2019\/12\/gerber-dime-mini-multitool-1.jpg?resize=300%2C243&amp;ssl=1 300w, https:\/\/i1.wp.com\/www.multitool-ratgeber.net\/wp-content\/uploads\/2019\/12\/gerber-dime-mini-multitool-1.jpg?w=680&amp;ssl=1 680w\" alt=\"gerber dime mini multitool\" width=\"300\" height=\"243\" data-attachment-id=\"623\" data-permalink=\"https:\/\/www.multitool-ratgeber.net\/gerber-dime-multitool-fuer-den-schluesselanhaenger\/gerber-dime-mini-multitool-2\/\" data-orig-file=\"https:\/\/i1.wp.com\/www.multitool-ratgeber.net\/wp-content\/uploads\/2019\/12\/gerber-dime-mini-multitool-1.jpg?fit=680%2C551&amp;ssl=1\" data-orig-size=\"680,551\" data-comments-opened=\"0\" data-image-meta=\"{&quot;aperture&quot;:&quot;0&quot;,&quot;credit&quot;:&quot;&quot;,&quot;camera&quot;:&quot;&quot;,&quot;caption&quot;:&quot;&quot;,&quot;created_timestamp&quot;:&quot;0&quot;,&quot;copyright&quot;:&quot;&quot;,&quot;focal_length&quot;:&quot;0&quot;,&quot;iso&quot;:&quot;0&quot;,&quot;shutter_speed&quot;:&quot;0&quot;,&quot;title&quot;:&quot;&quot;,&quot;orientation&quot;:&quot;0&quot;}\" data-image-title=\"gerber dime mini multitool\" data-image-description=\"&lt;p&gt;gerber dime mini multitool schl\u00fcsselanh\u00e4nger&lt;\/p&gt; \" data-medium-file=\"https:\/\/i1.wp.com\/www.multitool-ratgeber.net\/wp-content\/uploads\/2019\/12\/gerber-dime-mini-multitool-1.jpg?fit=300%2C243&amp;ssl=1\" data-large-file=\"https:\/\/i1.wp.com\/www.multitool-ratgeber.net\/wp-content\/uploads\/2019\/12\/gerber-dime-mini-multitool-1.jpg?fit=680%2C551&amp;ssl=1\" data-recalc-dims=\"1\" data-lazy-loaded=\"1\" \/><\/li>\n<li>Pinzette<\/li>\n<li>Kapselheber<\/li>\n<li>Gerade Klinge<\/li>\n<li>Paket\u00f6ffner<\/li>\n<li>Schere<\/li>\n<li>Schlitz-Schraubendreher<\/li>\n<li>grobe\/feine Feile<\/li>\n<li>Kreuz-Schraubendreher<\/li>\n<li>Schl\u00fcsselring<\/li>\n<\/ul>\n<p>Ist eigentlich f\u00fcr als Schl\u00fcsselanh\u00e4nger gedacht, aber ich hab einen kleinen Karabiner dran gemacht so das ich das machen kann wie ich m\u00f6chte. So hab ich auch meinen ganzen Schl\u00fcssel organisiert. (Dazu mehr in einen anderen Beitrag.)<\/p>\n<p><strong>Giro Bravo Gel<\/strong><\/p>\n<p>Ich suchte und fand ein paar robuste, aber auch leichte Handschuhe f\u00fcr den t\u00e4glichen Gebrauch. Dabei stie\u00df ich im Netz auf die &#8222;Giro Bravo GEL&#8220;.Eigentlich sind es Fahrradhandschuhe, die scheinbar weltweit ausverkauft waren. Der einzige H\u00e4ndler, der mir diese in meiner Gr\u00f6\u00dfe verkaufen konnte, war in Polen ans\u00e4ssig. Das Sch\u00f6ne bei diesen Handschuhen ist, das sie sehr gut sitzen, so das ich sie beim Schreiben dieses Artikels tragen kann. Achja zum Fahrradfahren eignen sie sich auch hervorragend ;).<\/p>\n<p><strong>Mechanix Handschuhe<\/strong><\/p>\n<p><strong>Wolfgangs Ferox<br \/>\n<\/strong><\/p>\n<p><strong>Sofirn SP33 V3.0 mit (Filmdose) Diffuser<\/strong><\/p>\n<p><strong>PowerBank revolt NX-4807-675<\/strong><\/p>\n<p><strong>LivarnoLux mit RotFilter<\/strong><\/p>\n<p><strong>M\u00fctze<\/strong><\/p>\n<p><strong>DuctTape<\/strong><\/p>\n<p><strong>Kleine Taschenlampe<\/strong><\/p>\n<p><strong>Kugelschreiber<\/strong><\/p>\n<p><strong>Ladekabel SmartWatch<\/strong><\/p>\n<p><strong>(Druck-)Bleistift<\/strong><\/p>\n<p><strong>FisherSpacePen (schwarz)<\/strong><\/p>\n<p><strong>Wasserfester Notizblock<\/strong><\/p>\n<p><strong>Nagelknipser<\/strong><\/p>\n<p><strong>Fernausl\u00f6ser (samt Kabel) Kamera<\/strong><\/p>\n<p><strong>kleine Box mit Adapter-\/Kabel<\/strong><\/p>\n<p><strong>Ladekabel Smartphone<\/strong><\/p>\n","protected":false},"excerpt":{"rendered":"<p>Bilder werde ich noch nachreichen Gerber Dime MultiTool Wirklich klein, sehr klein. 7 x 2,5&hellip;<\/p>\n<p> <a class=\"more-link\" href=\"https:\/\/www.tlausl.de\/?p=9851\">Read more<\/a><\/p>\n","protected":false},"author":1,"featured_media":0,"comment_status":"open","ping_status":"open","sticky":false,"template":"","format":"standard","meta":{"footnotes":""},"categories":[61,54],"tags":[],"class_list":{"0":"post-9851","1":"post","2":"type-post","3":"status-publish","4":"format-standard","6":"category-edc","7":"category-urbanexploring"},"_links":{"self":[{"href":"https:\/\/www.tlausl.de\/index.php?rest_route=\/wp\/v2\/posts\/9851","targetHints":{"allow":["GET"]}}],"collection":[{"href":"https:\/\/www.tlausl.de\/index.php?rest_route=\/wp\/v2\/posts"}],"about":[{"href":"https:\/\/www.tlausl.de\/index.php?rest_route=\/wp\/v2\/types\/post"}],"author":[{"embeddable":true,"href":"https:\/\/www.tlausl.de\/index.php?rest_route=\/wp\/v2\/users\/1"}],"replies":[{"embeddable":true,"href":"https:\/\/www.tlausl.de\/index.php?rest_route=%2Fwp%2Fv2%2Fcomments&post=9851"}],"version-history":[{"count":7,"href":"https:\/\/www.tlausl.de\/index.php?rest_route=\/wp\/v2\/posts\/9851\/revisions"}],"predecessor-version":[{"id":9859,"href":"https:\/\/www.tlausl.de\/index.php?rest_route=\/wp\/v2\/posts\/9851\/revisions\/9859"}],"wp:attachment":[{"href":"https:\/\/www.tlausl.de\/index.php?rest_route=%2Fwp%2Fv2%2Fmedia&parent=9851"}],"wp:term":[{"taxonomy":"category","embeddable":true,"href":"https:\/\/www.tlausl.de\/index.php?rest_route=%2Fwp%2Fv2%2Fcategories&post=9851"},{"taxonomy":"post_tag","embeddable":true,"href":"https:\/\/www.tlausl.de\/index.php?rest_route=%2Fwp%2Fv2%2Ftags&post=9851"}],"curies":[{"name":"wp","href":"https:\/\/api.w.org\/{rel}","templated":true}]}}